{"id":22994801,"date":"2023-07-17T14:10:28","date_gmt":"2023-07-17T12:10:28","guid":{"rendered":"https:\/\/pelichet.wow-digital.com\/blog\/pelichet-fuer-seine-csr-politik-bei-den-ccifs-trophaeen-ausgezeichnet\/"},"modified":"2024-02-14T10:05:05","modified_gmt":"2024-02-14T09:05:05","slug":"pelichet-fuer-csr-politik-bei-ccifs-trophaeen-ausgezeichnet","status":"publish","type":"post","link":"https:\/\/staging.pelichet.ch\/de\/aktuelles\/pelichet-fuer-csr-politik-bei-ccifs-trophaeen-ausgezeichnet\/","title":{"rendered":"Pelichet f\u00fcr seine CSR-Politik mit dem CCIFS-Preis ausgezeichnet"},"content":{"rendered":"\n<h2 class=\"wp-block-heading has-large-font-size\">Pelichet gewinnt den allerersten Preis der CCIFS f\u00fcr zwischen Frankreich und der Schweiz aktive Unternehmen.<\/h2>\n\n\n\n<p>Wir haben gewonnen! Zum ersten Mal erh\u00e4lt Pelichet einen der neun CCIFS-Preise f\u00fcr zwischen Frankreich und der Schweiz aktive Unternehmen. Und nicht irgendeinen Preis, sondern den f\u00fcr soziale Unternehmensverantwortung (CSR).<\/p>\n\n\n\n<p>\u00abAls ich entschieden habe, dass wir uns auf diesen Preis bewerben, und begonnen habe, die Bewerbungsunterlagen auszuf\u00fcllen, schien es mir offensichtlich, dass wir in dieser neuen Kategorie gute Chancen haben\u00bb, erkl\u00e4rt R\u00e9gis Serriere, strategischer Leiter von Pelichet.<\/p>\n\n\n\n<p>Im Hotel Beaurivage in Lausanne, vor rund 400 Entscheidungstr\u00e4gerinnen und -tr\u00e4gern, erhielt Pelichet am 5. Juni den allerersten CSR-Preis der CCIFS f\u00fcr zwischen Frankreich und der Schweiz aktive Unternehmen. Als Mitglied des Unterst\u00fctzungskomitees der CCIFS und aktives Mitglied der Handelskammer wurde das Unternehmen f\u00fcr die Vielzahl der Initiativen ausgezeichnet, die es in den letzten Jahren in Bezug auf soziale und \u00f6kologische Verantwortung gestartet hat.<\/p>\n\n\n\n<p>Das Schweizer Unternehmen setzte sich gegen 86 Mitbewerber f\u00fcr diesen Preis durch. \u00abEine kontinuierliche Arbeit seit Februar\u00bb, betont R\u00e9gis Serriere, der die Bewerbung initiierte. Im Finale trat Pelichet gegen DPD und das grosse Marriott Hotel in Genf an. Bei der Preisverleihung wurden die Hauptgr\u00fcnde f\u00fcr die CSR-Orientierung des Unternehmens hervorgehoben.<\/p>\n\n\n\n<h3 class=\"wp-block-heading\"><p>Vom Global Compact der UNO bis zu Plan\u00e8te Urgence<\/p><\/h3>\n\n\n\n<p>Es mangelte nicht an Argumenten f\u00fcr den Sieg. Pelichet setzt sich seit Jahren f\u00fcr nachhaltige und gesellschaftliche Entwicklung ein. Als Teil der MOBILITAS Gruppe befolgt Pelichet die zehn Prinzipien des Global Compact der UNO und handelt entsprechend. Das Unternehmen wendet den Vorsorgeansatz bei Umweltproblemen an, ergreift die notwendigen Initiativen zur F\u00f6rderung einer gr\u00f6sseren Umweltverantwortung und f\u00f6rdert die Entwicklung und Verbreitung umweltfreundlicher Technologien. Das Unternehmen beteiligt sich durch seine Partnerschaft mit Plan\u00e8te Urgence auch an Wiederaufforstungsprojekten.<\/p>\n\n\n\n<p>Auf lokaler Ebene haben St\u00e9phane Disant und seine Teams ein umfangreiches Projekt zur Umstellung ihres Fuhrparks auf sauberere Fahrzeuge gestartet, das sich auf Elektroantrieb und umweltbewusstes Fahren in Zusammenarbeit mit dem Partner Fraikin konzentriert.<\/p>\n\n\n\n<h3 class=\"wp-block-heading\"><p>Eine energetische Verwertung von Abf\u00e4llen<\/p><\/h3>\n\n\n\n<p>Im Rahmen von B\u00fcroumz\u00fcgen bringt Pelichet Unternehmen, die ihre M\u00f6bel loswerden wollen, mit Unternehmen zusammen, die M\u00f6bel suchen. Eine T\u00e4tigkeit, die in Zusammenarbeit mit Helvetia Environnement auf eine Reduzierung von Abf\u00e4llen, wirtschaftliche und \u00f6kologische Vorteile und eine Optimierung der Abfallbewirtschaftung abzielt.<\/p>\n\n\n\n<p>\u00abDie verbleibenden B\u00fcroeinrichtungen werden demontiert, und wir trennen Karton, Holz, Glas, Eisen und Kunststoff, damit die Produkte bestm\u00f6glich rezykliert werden k\u00f6nnen\u00bb, erkl\u00e4rt R\u00e9gis Serriere. \u00abUnsere Abf\u00e4lle werden energetisch verwertet und liefern Heizw\u00e4rme und Strom f\u00fcr 1500 Haushalte im Kanton Genf.\u00bb<\/p>\n\n\n\n<h3 class=\"wp-block-heading\"><p>Menschliche St\u00e4rke: Der transparente Ansatz von Pelichet<\/p><\/h3>\n\n\n\n<p>Auf Managementebene hat Pelichet ebenfalls seine Strategie \u00fcberarbeitet und fokussiert sich nun st\u00e4rker auf die Information seiner Kundinnen, Lieferanten, Partnerinnen und Mitarbeitenden.<\/p>\n\n\n\n<p>Auf diesem Gebiet erm\u00f6glichen vier j\u00e4hrliche Treffen den Mitarbeitenden, in voller Transparenz die Ausrichtung des Unternehmens (Strategie, Ziele, Alltag und laufende Massnahmen) kennenzulernen. Ebenso haben die Mitarbeitenden von Pelichet das Recht auf Mitsprache und k\u00f6nnen innovative Vorschl\u00e4ge einbringen.<\/p>\n\n\n\n<p>Das Verantwortungsniveau f\u00fcr die Abteilungsleitungen wurde erh\u00f6ht. Sie sind nun f\u00fcr Fragen der Gesundheit und Sicherheit am Arbeitsplatz, Markenbekanntheit und Vertraulichkeit zust\u00e4ndig. Dies ist ein neuer kultureller Ansatz, der die Rollen der Mitarbeitenden ver\u00e4ndert und neue Mitarbeitende motiviert.<\/p>\n\n\n\n<p>Schliesslich erhielt Pelichet diesen Preis auch f\u00fcr sein Engagement im Bereich Behinderung durch das Rekrutieren von drei Botschaftern: C\u00e9line Van Till, Mathias Menendez-Garcia und das Swiss Open in Genf.<\/p>\n\n\n\n<p>Kein Zweifel, dass diese Auszeichnung das Unternehmen noch weiter bringen und ihm erm\u00f6glichen wird, jede seiner Initiativen noch besser umzusetzen.<\/p>\n\n\n\n<p><\/p>\n","protected":false},"excerpt":{"rendered":"<p>Pelichet gewinnt den allerersten Preis der CCIFS f\u00fcr zwischen Frankreich und der Schweiz aktive Unternehmen. Wir haben gewonnen! Zum ersten Mal erh\u00e4lt Pelichet einen der neun CCIFS-Preise f\u00fcr zwischen Frankreich und der Schweiz aktive Unternehmen. Und nicht irgendeinen Preis, sondern den f\u00fcr soziale Unternehmensverantwortung (CSR). \u00abAls ich entschieden habe, dass wir uns auf diesen Preis [&hellip;]<\/p>\n","protected":false},"author":14,"featured_media":22992177,"comment_status":"closed","ping_status":"closed","sticky":false,"template":"","format":"standard","meta":{"_et_pb_use_builder":"","_et_pb_old_content":"","_et_gb_content_width":"","wds_primary_category":60,"footnotes":""},"categories":[60],"tags":[],"dipi_cpt_category":[],"class_list":["post-22994801","post","type-post","status-publish","format-standard","has-post-thumbnail","hentry","category-aktuelles"],"_links":{"self":[{"href":"https:\/\/staging.pelichet.ch\/de\/wp-json\/wp\/v2\/posts\/22994801","targetHints":{"allow":["GET"]}}],"collection":[{"href":"https:\/\/staging.pelichet.ch\/de\/wp-json\/wp\/v2\/posts"}],"about":[{"href":"https:\/\/staging.pelichet.ch\/de\/wp-json\/wp\/v2\/types\/post"}],"author":[{"embeddable":true,"href":"https:\/\/staging.pelichet.ch\/de\/wp-json\/wp\/v2\/users\/14"}],"replies":[{"embeddable":true,"href":"https:\/\/staging.pelichet.ch\/de\/wp-json\/wp\/v2\/comments?post=22994801"}],"version-history":[{"count":8,"href":"https:\/\/staging.pelichet.ch\/de\/wp-json\/wp\/v2\/posts\/22994801\/revisions"}],"predecessor-version":[{"id":22995605,"href":"https:\/\/staging.pelichet.ch\/de\/wp-json\/wp\/v2\/posts\/22994801\/revisions\/22995605"}],"wp:featuredmedia":[{"embeddable":true,"href":"https:\/\/staging.pelichet.ch\/de\/wp-json\/wp\/v2\/media\/22992177"}],"wp:attachment":[{"href":"https:\/\/staging.pelichet.ch\/de\/wp-json\/wp\/v2\/media?parent=22994801"}],"wp:term":[{"taxonomy":"category","embeddable":true,"href":"https:\/\/staging.pelichet.ch\/de\/wp-json\/wp\/v2\/categories?post=22994801"},{"taxonomy":"post_tag","embeddable":true,"href":"https:\/\/staging.pelichet.ch\/de\/wp-json\/wp\/v2\/tags?post=22994801"},{"taxonomy":"dipi_cpt_category","embeddable":true,"href":"https:\/\/staging.pelichet.ch\/de\/wp-json\/wp\/v2\/dipi_cpt_category?post=22994801"}],"curies":[{"name":"wp","href":"https:\/\/api.w.org\/{rel}","templated":true}]}}